{"id":1673,"date":"2025-08-01T13:02:59","date_gmt":"2025-08-01T13:02:59","guid":{"rendered":"https:\/\/mont-saint-michel-tours.com\/lhistoire-du-mont-saint-michel-foi-forteresses-et-patrimoine-francais\/"},"modified":"2026-01-23T16:00:05","modified_gmt":"2026-01-23T16:00:05","slug":"the-history-of-mont-saint-michel","status":"publish","type":"post","link":"https:\/\/mont-saint-michel-tours.com\/fr\/the-history-of-mont-saint-michel\/","title":{"rendered":"L\u2019histoire du Mont Saint Michel : foi, forteresses et patrimoine fran\u00e7ais"},"content":{"rendered":"\n<p>L\u2019histoire du Mont-Saint-Michel est une \u00e9pop\u00e9e<strong> fa\u00e7onn\u00e9e par la vision, la d\u00e9votion et la survie<\/strong>. Surgissant de la mer au large de la Normandie<strong>, cette \u00eele a \u00e9t\u00e9 sanctuaire, forteresse et symbole de r\u00e9silience pendant plus de mille ans<\/strong> : jamais immobile, toujours debout. <\/p>\n\n<h2 class=\"wp-block-heading\"><strong>708 \u2014 Tout commence avec un cr\u00e2ne et une vision<br\/><\/strong><\/h2>\n\n<figure class=\"wp-block-image size-full\"><img fetchpriority=\"high\" decoding=\"async\" width=\"1920\" height=\"1080\" src=\"https:\/\/mont-saint-michel-tours.com\/wp-content\/uploads\/2025\/08\/Mont-Saint-Michel-150.jpg\" alt=\"Ev&#xEA;que Aubert d'Avranches, Abbaye du Mont Saint Michel\" class=\"wp-image-1021\" srcset=\"https:\/\/mont-saint-michel-tours.com\/wp-content\/uploads\/2025\/08\/Mont-Saint-Michel-150.jpg 1920w, https:\/\/mont-saint-michel-tours.com\/wp-content\/uploads\/2025\/08\/Mont-Saint-Michel-150-300x169.jpg 300w, https:\/\/mont-saint-michel-tours.com\/wp-content\/uploads\/2025\/08\/Mont-Saint-Michel-150-1024x576.jpg 1024w, https:\/\/mont-saint-michel-tours.com\/wp-content\/uploads\/2025\/08\/Mont-Saint-Michel-150-768x432.jpg 768w, https:\/\/mont-saint-michel-tours.com\/wp-content\/uploads\/2025\/08\/Mont-Saint-Michel-150-1536x864.jpg 1536w\" sizes=\"(max-width: 1920px) 100vw, 1920px\" \/><figcaption class=\"wp-element-caption\">\u00c9v\u00eaque Aubert d\u2019Avranches<\/figcaption><\/figure>\n\n<p>En 708, <strong>l\u2019\u00e9v\u00eaque Aubert d\u2019Avranches pr\u00e9tend que l\u2019archange Michel lui est apparu en r\u00eave<\/strong> et lui a ordonn\u00e9 de construire une \u00e9glise sur un \u00eelot rocheux de la baie. Deux fois, Aubert ignora l\u2019appel. La troisi\u00e8me fois, selon la l\u00e9gende, Michel br\u00fbla un trou dans son cr\u00e2ne avec un doigt de lumi\u00e8re. Cela sembla enfin lui faire comprendre le message.   <\/p>\n\n<p>Peu apr\u00e8s, <strong>une chapelle fut \u00e9rig\u00e9e sur ce qui s\u2019appelait alors Mont Tombe<\/strong>. Les moines s\u2019y install\u00e8rent rapidement. Les p\u00e8lerins commenc\u00e8rent \u00e0 affluer, traversant la baie tra\u00eetresse aux mar\u00e9es rapides et aux sables mouvants. Atteindre le Mont \u00e9tait un pari avec la nature, ce qui rendait l\u2019\u00eele encore plus sacr\u00e9e.    <\/p>\n\n<h2 class=\"wp-block-heading\"><strong><strong>966 \u2014 Moines b\u00e2tisseurs et visionnaires<\/strong><\/strong><\/h2>\n\n<figure class=\"wp-block-image size-full\"><img decoding=\"async\" width=\"1920\" height=\"1080\" src=\"https:\/\/mont-saint-michel-tours.com\/wp-content\/uploads\/2025\/07\/Mont-Saint-Michel-Abbey-4.jpg\" alt=\"Abbaye du Mont Saint Michel\" class=\"wp-image-536\" srcset=\"https:\/\/mont-saint-michel-tours.com\/wp-content\/uploads\/2025\/07\/Mont-Saint-Michel-Abbey-4.jpg 1920w, https:\/\/mont-saint-michel-tours.com\/wp-content\/uploads\/2025\/07\/Mont-Saint-Michel-Abbey-4-300x169.jpg 300w, https:\/\/mont-saint-michel-tours.com\/wp-content\/uploads\/2025\/07\/Mont-Saint-Michel-Abbey-4-1024x576.jpg 1024w, https:\/\/mont-saint-michel-tours.com\/wp-content\/uploads\/2025\/07\/Mont-Saint-Michel-Abbey-4-768x432.jpg 768w, https:\/\/mont-saint-michel-tours.com\/wp-content\/uploads\/2025\/07\/Mont-Saint-Michel-Abbey-4-1536x864.jpg 1536w\" sizes=\"(max-width: 1920px) 100vw, 1920px\" \/><\/figure>\n\n<p>Quand<strong> Richard Ier de Normandie confia le site aux moines b\u00e9n\u00e9dictins en 966<\/strong>, les choses commenc\u00e8rent \u00e0 changer. Les moines ne se contentaient pas de prier : ils construisaient. Et en grand.  <\/p>\n\n<p>Des blocs de granite furent tra\u00een\u00e9s depuis des carri\u00e8res situ\u00e9es \u00e0 des kilom\u00e8tres. Les ouvriers fa\u00e7onnaient la pierre directement dans le roc. Pendant des d\u00e9cennies,<strong> ils sculpt\u00e8rent chapelles, crypte, dortoirs, ainsi que des lieux pour manger, lire<\/strong> et copier des manuscrits \u00e0 la lueur des chandelles. L\u2019abbaye s\u2019\u00e9leva droite depuis la roche, comme si elle avait toujours appartenu \u00e0 cet endroit.   <\/p>\n\n<h2 class=\"wp-block-heading\"><strong>1204 \u2014 Feu, puis miracle gothique<\/strong><\/h2>\n\n<figure class=\"wp-block-image size-large\"><img decoding=\"async\" width=\"1024\" height=\"576\" src=\"https:\/\/mont-saint-michel-tours.com\/wp-content\/uploads\/2025\/08\/Mont-Saint-Michel-Abbey-24-1024x576.jpg\" alt=\"La Merveille, abbaye de Mont Saint Michel\" class=\"wp-image-1019\" srcset=\"https:\/\/mont-saint-michel-tours.com\/wp-content\/uploads\/2025\/08\/Mont-Saint-Michel-Abbey-24-1024x576.jpg 1024w, https:\/\/mont-saint-michel-tours.com\/wp-content\/uploads\/2025\/08\/Mont-Saint-Michel-Abbey-24-300x169.jpg 300w, https:\/\/mont-saint-michel-tours.com\/wp-content\/uploads\/2025\/08\/Mont-Saint-Michel-Abbey-24-768x432.jpg 768w, https:\/\/mont-saint-michel-tours.com\/wp-content\/uploads\/2025\/08\/Mont-Saint-Michel-Abbey-24-1536x864.jpg 1536w, https:\/\/mont-saint-michel-tours.com\/wp-content\/uploads\/2025\/08\/Mont-Saint-Michel-Abbey-24.jpg 1920w\" sizes=\"(max-width: 1024px) 100vw, 1024px\" \/><figcaption class=\"wp-element-caption\">La Merveille, abbaye de Mont Saint Michel<\/figcaption><\/figure>\n\n<p>Le d\u00e9sastre survint au d\u00e9but du XIII\u1d49 si\u00e8cle, lorsque des troupes fid\u00e8les au<strong> roi de France assaillirent et incendi\u00e8rent une grande partie de l\u2019abbaye<\/strong> lors d\u2019un conflit r\u00e9gional. Dans un retournement politique,<strong> le roi Philippe Auguste finan\u00e7a les r\u00e9parations.<\/strong> Et ces r\u00e9parations se transform\u00e8rent rapidement en quelque chose de bien plus grand.  <\/p>\n\n<p>The result was La Merveille, or \u201cThe Marvel,\u201d a Gothic architectural feat that stacked halls and cloisters on three vertical levels. The cloister floats above nothing but wind and ocean air. The refectory, the monks&rsquo; dining room, is airy and hushed, its silence designed into the architecture itself. Even now, it feels more like a vision than a building. <\/p>\n\n<h2 class=\"wp-block-heading\"><strong>1337\u20131453 \u2014 La forteresse qui r\u00e9sista \u00e0 la guerre<br\/><\/strong><\/h2>\n\n<figure class=\"wp-block-image size-full\"><img loading=\"lazy\" decoding=\"async\" width=\"1920\" height=\"1080\" src=\"https:\/\/mont-saint-michel-tours.com\/wp-content\/uploads\/2025\/07\/Towers-and-Ramparts-of-Mont-Saint-Michel.jpg\" alt=\"Tours et remparts du Mont-Saint-Michel\" class=\"wp-image-717\" srcset=\"https:\/\/mont-saint-michel-tours.com\/wp-content\/uploads\/2025\/07\/Towers-and-Ramparts-of-Mont-Saint-Michel.jpg 1920w, https:\/\/mont-saint-michel-tours.com\/wp-content\/uploads\/2025\/07\/Towers-and-Ramparts-of-Mont-Saint-Michel-300x169.jpg 300w, https:\/\/mont-saint-michel-tours.com\/wp-content\/uploads\/2025\/07\/Towers-and-Ramparts-of-Mont-Saint-Michel-1024x576.jpg 1024w, https:\/\/mont-saint-michel-tours.com\/wp-content\/uploads\/2025\/07\/Towers-and-Ramparts-of-Mont-Saint-Michel-768x432.jpg 768w, https:\/\/mont-saint-michel-tours.com\/wp-content\/uploads\/2025\/07\/Towers-and-Ramparts-of-Mont-Saint-Michel-1536x864.jpg 1536w\" sizes=\"(max-width: 1920px) 100vw, 1920px\" \/><\/figure>\n\n<p>La Guerre de Cent Ans entre la France et l\u2019Angleterre<strong> transforma le Mont-Saint-Michel en forteresse avanc\u00e9e<\/strong>. Les Anglais tent\u00e8rent \u00e0 plusieurs reprises de le prendre d\u2019assaut.  <strong>Ils \u00e9chou\u00e8rent \u00e0 chaque fois.<br\/><\/strong><\/p>\n\n<p>Les murs \u00e9pais, les tours de guet et une garnison d\u00e9termin\u00e9e prot\u00e9g\u00e8rent l\u2019\u00eele des mains ennemies. On peut encore voir une balle de canon anglaise coinc\u00e9e dans un mur : ni retir\u00e9e, ni r\u00e9par\u00e9e, juste laiss\u00e9e l\u00e0, comme une cicatrice port\u00e9e avec fiert\u00e9.<br\/> <br\/> <br\/> <\/p>\n\n<h2 class=\"wp-block-heading\"><strong>1791\u20131863 \u2014 Une prison d\u00e9guis\u00e9e<\/strong><\/h2>\n\n<figure class=\"wp-block-image size-full\"><img loading=\"lazy\" decoding=\"async\" width=\"1920\" height=\"1080\" src=\"https:\/\/mont-saint-michel-tours.com\/wp-content\/uploads\/2025\/07\/The-Historical-Museum-Mont-Saint-Michel-10.jpg\" alt=\"Le Mus&#xE9;e Historique, Mont Saint-Michel\" class=\"wp-image-643\" srcset=\"https:\/\/mont-saint-michel-tours.com\/wp-content\/uploads\/2025\/07\/The-Historical-Museum-Mont-Saint-Michel-10.jpg 1920w, https:\/\/mont-saint-michel-tours.com\/wp-content\/uploads\/2025\/07\/The-Historical-Museum-Mont-Saint-Michel-10-300x169.jpg 300w, https:\/\/mont-saint-michel-tours.com\/wp-content\/uploads\/2025\/07\/The-Historical-Museum-Mont-Saint-Michel-10-1024x576.jpg 1024w, https:\/\/mont-saint-michel-tours.com\/wp-content\/uploads\/2025\/07\/The-Historical-Museum-Mont-Saint-Michel-10-768x432.jpg 768w, https:\/\/mont-saint-michel-tours.com\/wp-content\/uploads\/2025\/07\/The-Historical-Museum-Mont-Saint-Michel-10-1536x864.jpg 1536w\" sizes=\"(max-width: 1920px) 100vw, 1920px\" \/><\/figure>\n\n<p>La R\u00e9volution fran\u00e7aise n\u2019a pas \u00e9pargn\u00e9 l\u2019abbaye. Les ordres religieux furent dissous et <strong>le Mont Saint-Michel fut transform\u00e9 en prison.<\/strong> Ses hautes salles et ses espaces sacr\u00e9s \u00e9taient remplis de condamn\u00e9s, de prisonniers politiques et d\u2019un silence d\u2019une autre sorte. <\/p>\n\n<p>La transformation dura plus de soixante-dix ans. \u00c9crivains et artistes, dont Victor Hugo, ont fait campagne pour la sauver. Ils voyaient ce qui \u00e9tait perdu. La prison ferma finalement en 1863, et en 1874, <strong>le mont fut d\u00e9clar\u00e9 monument national<\/strong>. La restauration commen\u00e7a peu apr\u00e8s, brique par brique avec un travail minutieux.    <\/p>\n\n<h2 class=\"wp-block-heading\"><strong>XX\u1d49 si\u00e8cle \u2014 Guerres, survie et renaissance<br\/><\/strong><\/h2>\n\n<figure class=\"wp-block-image size-full\"><img loading=\"lazy\" decoding=\"async\" width=\"1920\" height=\"1080\" src=\"https:\/\/mont-saint-michel-tours.com\/wp-content\/uploads\/2025\/07\/Bayeux-to-Mont-Saint-Michel-Shuttle-with-Abbey-Tickets-.jpg\" alt=\"Navette Bayeux &#x2013; Mont-Saint-Michel avec billets pour l&#x2019;abbaye\" class=\"wp-image-528\" srcset=\"https:\/\/mont-saint-michel-tours.com\/wp-content\/uploads\/2025\/07\/Bayeux-to-Mont-Saint-Michel-Shuttle-with-Abbey-Tickets-.jpg 1920w, https:\/\/mont-saint-michel-tours.com\/wp-content\/uploads\/2025\/07\/Bayeux-to-Mont-Saint-Michel-Shuttle-with-Abbey-Tickets--300x169.jpg 300w, https:\/\/mont-saint-michel-tours.com\/wp-content\/uploads\/2025\/07\/Bayeux-to-Mont-Saint-Michel-Shuttle-with-Abbey-Tickets--1024x576.jpg 1024w, https:\/\/mont-saint-michel-tours.com\/wp-content\/uploads\/2025\/07\/Bayeux-to-Mont-Saint-Michel-Shuttle-with-Abbey-Tickets--768x432.jpg 768w, https:\/\/mont-saint-michel-tours.com\/wp-content\/uploads\/2025\/07\/Bayeux-to-Mont-Saint-Michel-Shuttle-with-Abbey-Tickets--1536x864.jpg 1536w\" sizes=\"(max-width: 1920px) 100vw, 1920px\" \/><\/figure>\n\n<p>Pendant la Seconde Guerre mondiale, <strong>les forces allemandes occup\u00e8rent le Mont-Saint-Michel<\/strong>, mais le site \u00e9pargn\u00e9 des destructions. Apr\u00e8s la guerre, il resta tel qu\u2019il avait toujours \u00e9t\u00e9, endommag\u00e9 par le temps mais intact. <\/p>\n\n<p>En 1966, l\u2019abbaye c\u00e9l\u00e9bra son mill\u00e9naire. <strong>Des moines revinrent<\/strong>, m\u00eame bri\u00e8vement, pour r\u00e9instaurer le c\u0153ur spirituel du lieu. Le si\u00e8cle qui avait failli briser l\u2019Europe ramena paradoxalement le Mont au centre de l\u2019attention nationale. <\/p>\n\n<h2 class=\"wp-block-heading\"><strong>2005\u20132015 \u2014 Sauver l\u2019\u00eele de la terre<\/strong><\/h2>\n\n<figure class=\"wp-block-image size-full\"><img loading=\"lazy\" decoding=\"async\" width=\"1920\" height=\"1080\" src=\"https:\/\/mont-saint-michel-tours.com\/wp-content\/uploads\/2025\/08\/Saving-the-Mont-Saint-Michel-from-the-Land.jpg\" alt=\"Sauver le Mont Saint Michel de la terre\" class=\"wp-image-1056\" srcset=\"https:\/\/mont-saint-michel-tours.com\/wp-content\/uploads\/2025\/08\/Saving-the-Mont-Saint-Michel-from-the-Land.jpg 1920w, https:\/\/mont-saint-michel-tours.com\/wp-content\/uploads\/2025\/08\/Saving-the-Mont-Saint-Michel-from-the-Land-300x169.jpg 300w, https:\/\/mont-saint-michel-tours.com\/wp-content\/uploads\/2025\/08\/Saving-the-Mont-Saint-Michel-from-the-Land-1024x576.jpg 1024w, https:\/\/mont-saint-michel-tours.com\/wp-content\/uploads\/2025\/08\/Saving-the-Mont-Saint-Michel-from-the-Land-768x432.jpg 768w, https:\/\/mont-saint-michel-tours.com\/wp-content\/uploads\/2025\/08\/Saving-the-Mont-Saint-Michel-from-the-Land-1536x864.jpg 1536w\" sizes=\"(max-width: 1920px) 100vw, 1920px\" \/><\/figure>\n\n<p>Pendant tous ces si\u00e8cles, le Mont \u00e9tait rest\u00e9 isol\u00e9. Mais le XX\u1d49 si\u00e8cle apporta une menace plus discr\u00e8te : l\u2019envasement. L\u2019ancienne chauss\u00e9e, construite au XIX\u1d49 si\u00e8cle, bloquait l\u2019\u00e9coulement naturel des mar\u00e9es. Avec le temps, sables et boues s\u2019accumul\u00e8rent, transformant l\u2019\u00eele en extension du continent.<br\/> <br\/> <br\/>  <\/p>\n\n<p>En 2005, des travaux ont commenc\u00e9 pour le r\u00e9parer. L\u2019ancienne route a \u00e9t\u00e9 d\u00e9mantel\u00e9e.   <strong>Un nouveau pont pi\u00e9tonnier fut con\u00e7u pour laisser passer la mer.<\/strong> En 2015, l\u2019eau \u00e9tait revenue, et le Mont Saint-Michel \u00e9tait de nouveau une \u00eele.<\/p>\n\n<h2 class=\"wp-block-heading\"><strong>Maintenant \u2014 la montagne qui refuse de rester immobile<\/strong><\/h2>\n\n<figure class=\"wp-block-image size-full\"><img loading=\"lazy\" decoding=\"async\" width=\"1920\" height=\"1080\" src=\"https:\/\/mont-saint-michel-tours.com\/wp-content\/uploads\/2025\/07\/Le-Passeur-shuttle-at-Mont-Saint-Michel.jpg\" alt=\"Navette Le Passeur au Mont Saint Michel\" class=\"wp-image-765\" srcset=\"https:\/\/mont-saint-michel-tours.com\/wp-content\/uploads\/2025\/07\/Le-Passeur-shuttle-at-Mont-Saint-Michel.jpg 1920w, https:\/\/mont-saint-michel-tours.com\/wp-content\/uploads\/2025\/07\/Le-Passeur-shuttle-at-Mont-Saint-Michel-300x169.jpg 300w, https:\/\/mont-saint-michel-tours.com\/wp-content\/uploads\/2025\/07\/Le-Passeur-shuttle-at-Mont-Saint-Michel-1024x576.jpg 1024w, https:\/\/mont-saint-michel-tours.com\/wp-content\/uploads\/2025\/07\/Le-Passeur-shuttle-at-Mont-Saint-Michel-768x432.jpg 768w, https:\/\/mont-saint-michel-tours.com\/wp-content\/uploads\/2025\/07\/Le-Passeur-shuttle-at-Mont-Saint-Michel-1536x864.jpg 1536w\" sizes=\"(max-width: 1920px) 100vw, 1920px\" \/><\/figure>\n\n<p>Aujourd\u2019hui, plus de <strong>deux millions et demi de visiteurs viennent chaque ann\u00e9e<\/strong>. En bus, \u00e0 v\u00e9lo, \u00e0 pied, ils observent la mar\u00e9e se dresser comme un mur vivant. Certains restent assez longtemps pour voir la mer couper la route derri\u00e8re eux, comme elle l\u2019a toujours fait.   <\/p>\n\n<p>Le Mont-Saint-Michel n\u2019est pas fig\u00e9 dans le temps, il ne l\u2019a jamais \u00e9t\u00e9. Il a br\u00fbl\u00e9, \u00e9t\u00e9 reconstruit, r\u00e9sist\u00e9, s\u2019est effondr\u00e9 et a surv\u00e9cu. Il a \u00e9t\u00e9 lieu sacr\u00e9, bastion militaire, prison et symbole d\u2019une endurance obstin\u00e9e.<br\/> <br\/> <br\/>  <\/p>\n\n<p>Elle monte toujours avec la mar\u00e9e.<\/p>\n","protected":false},"excerpt":{"rendered":"<p>L\u2019histoire du Mont-Saint-Michel est une \u00e9pop\u00e9e fa\u00e7onn\u00e9e par la vision, la d\u00e9votion et la survie. Surgissant de la mer au large de la Normandie, cette \u00eele a \u00e9t\u00e9 sanctuaire, forteresse et symbole de r\u00e9silience pendant plus de mille ans : jamais immobile, toujours debout. 708 \u2014 Tout commence avec un cr\u00e2ne et une vision En [&hellip;]<\/p>\n","protected":false},"author":2,"featured_media":1674,"comment_status":"open","ping_status":"open","sticky":false,"template":"","format":"standard","meta":{"_acf_changed":false,"footnotes":""},"categories":[28],"tags":[],"class_list":["post-1673","post","type-post","status-publish","format-standard","has-post-thumbnail","hentry","category-magazine"],"acf":[],"_links":{"self":[{"href":"https:\/\/mont-saint-michel-tours.com\/fr\/wp-json\/wp\/v2\/posts\/1673","targetHints":{"allow":["GET"]}}],"collection":[{"href":"https:\/\/mont-saint-michel-tours.com\/fr\/wp-json\/wp\/v2\/posts"}],"about":[{"href":"https:\/\/mont-saint-michel-tours.com\/fr\/wp-json\/wp\/v2\/types\/post"}],"author":[{"embeddable":true,"href":"https:\/\/mont-saint-michel-tours.com\/fr\/wp-json\/wp\/v2\/users\/2"}],"replies":[{"embeddable":true,"href":"https:\/\/mont-saint-michel-tours.com\/fr\/wp-json\/wp\/v2\/comments?post=1673"}],"version-history":[{"count":11,"href":"https:\/\/mont-saint-michel-tours.com\/fr\/wp-json\/wp\/v2\/posts\/1673\/revisions"}],"predecessor-version":[{"id":2104,"href":"https:\/\/mont-saint-michel-tours.com\/fr\/wp-json\/wp\/v2\/posts\/1673\/revisions\/2104"}],"wp:featuredmedia":[{"embeddable":true,"href":"https:\/\/mont-saint-michel-tours.com\/fr\/wp-json\/wp\/v2\/media\/1674"}],"wp:attachment":[{"href":"https:\/\/mont-saint-michel-tours.com\/fr\/wp-json\/wp\/v2\/media?parent=1673"}],"wp:term":[{"taxonomy":"category","embeddable":true,"href":"https:\/\/mont-saint-michel-tours.com\/fr\/wp-json\/wp\/v2\/categories?post=1673"},{"taxonomy":"post_tag","embeddable":true,"href":"https:\/\/mont-saint-michel-tours.com\/fr\/wp-json\/wp\/v2\/tags?post=1673"}],"curies":[{"name":"wp","href":"https:\/\/api.w.org\/{rel}","templated":true}]}}