{"id":1828,"date":"2025-08-01T08:03:38","date_gmt":"2025-08-01T08:03:38","guid":{"rendered":"https:\/\/mont-saint-michel-tours.com\/meilleure-periode-pour-visiter-mont-saint-michel-pour-un-climat-ideal-et-moins-de-monde\/"},"modified":"2026-01-20T17:04:12","modified_gmt":"2026-01-20T17:04:12","slug":"quand-visiter-mont-saint-michel","status":"publish","type":"post","link":"https:\/\/mont-saint-michel-tours.com\/fr\/quand-visiter-mont-saint-michel\/","title":{"rendered":"Meilleure p\u00e9riode pour visiter Mont Saint Michel pour un climat id\u00e9al et moins de monde"},"content":{"rendered":"\n<p>Vous cherchez <strong>le meilleur moment pour visiter le Mont Saint-Michel<\/strong> ? Voici la v\u00e9rit\u00e9 : il n\u2019y a pas de r\u00e9ponse universelle. <\/p>\n\n<p>Il s\u2019agit surtout de choisir ce qui vous correspond et ce que vous attendez du lieu. Vous voulez des ciels vastes, une lumi\u00e8re claire et un peu de silence r\u00e9percut\u00e9 par les murs de pierre ? Allez-y en hiver. Vous pr\u00e9f\u00e9rez une visite nocturne de l\u2019abbaye, la rue principale bond\u00e9e et une glace au soleil ? Alors, c\u2019est l\u2019\u00e9t\u00e9. Ce n\u2019est pas une question de moment \u00ab id\u00e9al \u00bb, mais plut\u00f4t de quelle version du Mont vous voulez d\u00e9couvrir.     <\/p>\n\n<h2 class=\"wp-block-heading\"><strong>Printemps \u2014 bords verts, mar\u00e9es sauvages, un peu de marge pour les coudes<\/strong><\/h2>\n\n<figure class=\"wp-block-image size-full\"><img fetchpriority=\"high\" decoding=\"async\" width=\"1920\" height=\"1080\" src=\"https:\/\/mont-saint-michel-tours.com\/wp-content\/uploads\/2025\/08\/Mont-Saint-Michel-in-Spring.jpg\" alt=\"Mont Saint Michel au printemps\" class=\"wp-image-837\" srcset=\"https:\/\/mont-saint-michel-tours.com\/wp-content\/uploads\/2025\/08\/Mont-Saint-Michel-in-Spring.jpg 1920w, https:\/\/mont-saint-michel-tours.com\/wp-content\/uploads\/2025\/08\/Mont-Saint-Michel-in-Spring-300x169.jpg 300w, https:\/\/mont-saint-michel-tours.com\/wp-content\/uploads\/2025\/08\/Mont-Saint-Michel-in-Spring-1024x576.jpg 1024w, https:\/\/mont-saint-michel-tours.com\/wp-content\/uploads\/2025\/08\/Mont-Saint-Michel-in-Spring-768x432.jpg 768w, https:\/\/mont-saint-michel-tours.com\/wp-content\/uploads\/2025\/08\/Mont-Saint-Michel-in-Spring-1536x864.jpg 1536w\" sizes=\"(max-width: 1920px) 100vw, 1920px\" \/><\/figure>\n\n<p>Mars donne l\u2019impression que le Mont se r\u00e9veille \u00e0 peine. Moins de monde, beaucoup de vent, et des journ\u00e9es qui commencent grises pour s\u2019\u00e9claircir vers midi. Les pr\u00e9s sal\u00e9s commencent \u00e0 fleurir, et la baie scintille d\u2019un argent lumineux quand la lumi\u00e8re est juste. Il pleut, oui, souvent. Mais c\u2019est ce qui garde la foule l\u00e9g\u00e8re. Avril devient plus fr\u00e9quent\u00e9. Mai donne une sensation de pl\u00e9nitude sans jamais \u00eatre satur\u00e9.    <\/p>\n\n<p>Les temp\u00e9ratures restent autour de la dizaine de degr\u00e9s, ce qui rend toujours judicieux de pr\u00e9voir une \u00e9charpe. Avec un peu de chance, vous assisterez \u00e0 l\u2019une des grandes mar\u00e9es de printemps, celles qui montent si vite que l\u2019\u00eele dispara\u00eet derri\u00e8re un mince voile d\u2019eau. Les photographes connaissent bien cette fen\u00eatre : ils arrivent t\u00f4t et restent tard.   <\/p>\n\n<h2 class=\"wp-block-heading\"><strong>\u00c9t\u00e9 \u2014 Visiteurs sans arr\u00eat, mais tout est ouvert<\/strong><\/h2>\n\n<figure class=\"wp-block-image size-full\"><img decoding=\"async\" width=\"1920\" height=\"1080\" src=\"https:\/\/mont-saint-michel-tours.com\/wp-content\/uploads\/2025\/08\/Mont-Saint-Michel-in-Summer.jpg\" alt=\"Mont Saint Michel en &#xE9;t&#xE9;\" class=\"wp-image-838\" srcset=\"https:\/\/mont-saint-michel-tours.com\/wp-content\/uploads\/2025\/08\/Mont-Saint-Michel-in-Summer.jpg 1920w, https:\/\/mont-saint-michel-tours.com\/wp-content\/uploads\/2025\/08\/Mont-Saint-Michel-in-Summer-300x169.jpg 300w, https:\/\/mont-saint-michel-tours.com\/wp-content\/uploads\/2025\/08\/Mont-Saint-Michel-in-Summer-1024x576.jpg 1024w, https:\/\/mont-saint-michel-tours.com\/wp-content\/uploads\/2025\/08\/Mont-Saint-Michel-in-Summer-768x432.jpg 768w, https:\/\/mont-saint-michel-tours.com\/wp-content\/uploads\/2025\/08\/Mont-Saint-Michel-in-Summer-1536x864.jpg 1536w\" sizes=\"(max-width: 1920px) 100vw, 1920px\" \/><\/figure>\n\n<p>Si vous voulez tout : les boutiques, les d\u00eeners tardifs, les concerts nich\u00e9s dans la pierre m\u00e9di\u00e9vale, vous venez en juillet ou en ao\u00fbt. <strong>C\u2019est vibrant, plein et bruyant.<\/strong>  Les files d\u2019attente de l\u2019abbaye se remplissent avant midi. Les navettes se remplissent vite. Mais il y a aussi quelque chose d\u2019incroyable \u00e0 se tenir sur les remparts \u00e0 22 heures pendant que le soleil d\u00e9cide enfin de se coucher.  <\/p>\n\n<p>Apporte de l\u2019eau. Cr\u00e8me solaire. Patience. Aussi, un r\u00e9veil matinal. Les matins avant 9h sont ta meilleure chance de calme. Ou arriver tard, apr\u00e8s que la majorit\u00e9 de la foule soit retourn\u00e9e dans les bus de tourn\u00e9e.     <\/p>\n\n<h2 class=\"wp-block-heading\"><strong>Automne \u2014 L\u2019\u00eele respire \u00e0 nouveau<\/strong><\/h2>\n\n<figure class=\"wp-block-image size-full\"><img decoding=\"async\" width=\"1920\" height=\"1080\" src=\"https:\/\/mont-saint-michel-tours.com\/wp-content\/uploads\/2025\/08\/Mont-Saint-Michel-in-Autumn.jpg\" alt=\"Mont Saint Michel en automne\" class=\"wp-image-840\" srcset=\"https:\/\/mont-saint-michel-tours.com\/wp-content\/uploads\/2025\/08\/Mont-Saint-Michel-in-Autumn.jpg 1920w, https:\/\/mont-saint-michel-tours.com\/wp-content\/uploads\/2025\/08\/Mont-Saint-Michel-in-Autumn-300x169.jpg 300w, https:\/\/mont-saint-michel-tours.com\/wp-content\/uploads\/2025\/08\/Mont-Saint-Michel-in-Autumn-1024x576.jpg 1024w, https:\/\/mont-saint-michel-tours.com\/wp-content\/uploads\/2025\/08\/Mont-Saint-Michel-in-Autumn-768x432.jpg 768w, https:\/\/mont-saint-michel-tours.com\/wp-content\/uploads\/2025\/08\/Mont-Saint-Michel-in-Autumn-1536x864.jpg 1536w\" sizes=\"(max-width: 1920px) 100vw, 1920px\" \/><\/figure>\n\n<p>\u00c0 la mi-septembre, quelque chose change.  <strong>La lumi\u00e8re devient plus chaude, le rythme ralentit.<\/strong>  Les habitants parlent de l\u2019automne comme si c\u2019\u00e9tait la vraie saison du Mont. L\u2019air se rafra\u00eechit, le ciel s\u2019aiguise, et soudain la vue s\u2019\u00e9tend sur des kilom\u00e8tres. <\/p>\n\n<p><strong>Ce n\u2019est pas vide<\/strong>, ne vous faites pas d\u2019illusions, mais c\u2019est raisonnable. Surtout en semaine. Les mar\u00e9es de l\u2019\u00e9quinoxe remontent, souvent encore plus dramatiques que celles du printemps. Octobre commence \u00e0 fermer pour de nombreux magasins. Mais l\u2019abbaye ? Toujours grand ouvert. \u00c7a vaut toujours chaque \u00e9tape.      <\/p>\n\n<h2 class=\"wp-block-heading\"><strong>Hiver \u2014 Pierre silencieuse, vent dur, humeur s\u00e9rieuse<\/strong><\/h2>\n\n<figure class=\"wp-block-image size-full\"><img loading=\"lazy\" decoding=\"async\" width=\"1920\" height=\"1080\" src=\"https:\/\/mont-saint-michel-tours.com\/wp-content\/uploads\/2025\/08\/Mont-Saint-Michel-in-Winter.jpg\" alt=\"Mont Saint Michel en hiver\" class=\"wp-image-841\" srcset=\"https:\/\/mont-saint-michel-tours.com\/wp-content\/uploads\/2025\/08\/Mont-Saint-Michel-in-Winter.jpg 1920w, https:\/\/mont-saint-michel-tours.com\/wp-content\/uploads\/2025\/08\/Mont-Saint-Michel-in-Winter-300x169.jpg 300w, https:\/\/mont-saint-michel-tours.com\/wp-content\/uploads\/2025\/08\/Mont-Saint-Michel-in-Winter-1024x576.jpg 1024w, https:\/\/mont-saint-michel-tours.com\/wp-content\/uploads\/2025\/08\/Mont-Saint-Michel-in-Winter-768x432.jpg 768w, https:\/\/mont-saint-michel-tours.com\/wp-content\/uploads\/2025\/08\/Mont-Saint-Michel-in-Winter-1536x864.jpg 1536w\" sizes=\"(max-width: 1920px) 100vw, 1920px\" \/><\/figure>\n\n<p>Le Mont-Saint-Michel en janvier donne l\u2019impression d\u2019\u00eatre sur une autre plan\u00e8te. La baie peut se couvrir compl\u00e8tement de brouillard, ou bien se d\u00e9gager pour offrir des ciels glacials et des ombres longues et ac\u00e9r\u00e9es. Le vent est mordant. Certains jours, le seul bruit est celui de vos pas et du cri occasionnel d\u2019une mouette qui n\u2019a pas jug\u00e9 utile de migrer.   <\/p>\n\n<p>Il vous faudra v\u00e9rifier quels restaurants sont encore ouverts (certains ne le seront pas) et pr\u00e9voir des v\u00eatements en couches que vous n\u2019aurez pas peur de mouiller. Mais si l\u2019id\u00e9e de d\u00e9ambuler dans les salles de l\u2019abbaye avec peut-\u00eatre deux autres personnes, sans un mot, vous s\u00e9duit, alors c\u2019est la saison id\u00e9ale. Pensez simplement \u00e0 consulter les horaires des mar\u00e9es : les temp\u00eates hivernales peuvent couper l\u2019acc\u00e8s pendant de courtes p\u00e9riodes.<br\/> <br\/> <br\/>   <\/p>\n\n<h2 class=\"wp-block-heading\"><strong>\u00c0 propos de ces mar\u00e9es<\/strong><\/h2>\n\n<figure class=\"wp-block-image size-full\"><img loading=\"lazy\" decoding=\"async\" width=\"1920\" height=\"1080\" src=\"https:\/\/mont-saint-michel-tours.com\/wp-content\/uploads\/2025\/08\/Mont-Saint-Michel-tides.jpg\" alt=\"Mar&#xE9;es du Mont Saint-Michel\" class=\"wp-image-842\" srcset=\"https:\/\/mont-saint-michel-tours.com\/wp-content\/uploads\/2025\/08\/Mont-Saint-Michel-tides.jpg 1920w, https:\/\/mont-saint-michel-tours.com\/wp-content\/uploads\/2025\/08\/Mont-Saint-Michel-tides-300x169.jpg 300w, https:\/\/mont-saint-michel-tours.com\/wp-content\/uploads\/2025\/08\/Mont-Saint-Michel-tides-1024x576.jpg 1024w, https:\/\/mont-saint-michel-tours.com\/wp-content\/uploads\/2025\/08\/Mont-Saint-Michel-tides-768x432.jpg 768w, https:\/\/mont-saint-michel-tours.com\/wp-content\/uploads\/2025\/08\/Mont-Saint-Michel-tides-1536x864.jpg 1536w\" sizes=\"(max-width: 1920px) 100vw, 1920px\" \/><\/figure>\n\n<p>Si vous ne choisissez pas le bon moment, vous risquez de ne jamais les voir.<br\/> <br\/><strong> La baie peut ressembler \u00e0 un d\u00e9sert une heure puis se transformer en mer ouverte la suivante.<\/strong> Et ce n\u2019est pas une mont\u00e9e lente : quand l\u2019eau arrive, elle file \u00e0 toute vitesse. Surtout lors des plus grandes mar\u00e9es, celles li\u00e9es \u00e0 la lune. <\/p>\n\n<p>Tu veux le vrai spectacle ? Sois l\u00e0 deux heures avant la mar\u00e9e haute et regarde la chauss\u00e9e dispara\u00eetre. Ne tentez juste pas de traverser les plaines sablonneuses seul. Il y a du sable mouvant, et la mer n\u2019attend pas.   <\/p>\n\n<p>La mar\u00e9e basse, c\u2019est une toute autre histoire. L\u2019espace autour de la monture s\u2019\u00e9tend \u00e0 l\u2019infini.   <strong>Des guides m\u00e8nent des promenades pieds nus dans les eaux peu profondes.<\/strong>  \u00c7a donne l\u2019impression d\u2019\u00eatre pr\u00e9historique. Ou sacr\u00e9. Parfois les deux.  <\/p>\n\n<h2 class=\"wp-block-heading\"><strong>Les foules \u2014 Quand elles sont les pires (et quand non)<\/strong><\/h2>\n\n<figure class=\"wp-block-image size-full\"><img loading=\"lazy\" decoding=\"async\" width=\"1920\" height=\"1080\" src=\"https:\/\/mont-saint-michel-tours.com\/wp-content\/uploads\/2025\/08\/crowd-at-the-Mont-Saint-Michel.jpg\" alt=\"Foule au Mont Saint Michel\" class=\"wp-image-843\" srcset=\"https:\/\/mont-saint-michel-tours.com\/wp-content\/uploads\/2025\/08\/crowd-at-the-Mont-Saint-Michel.jpg 1920w, https:\/\/mont-saint-michel-tours.com\/wp-content\/uploads\/2025\/08\/crowd-at-the-Mont-Saint-Michel-300x169.jpg 300w, https:\/\/mont-saint-michel-tours.com\/wp-content\/uploads\/2025\/08\/crowd-at-the-Mont-Saint-Michel-1024x576.jpg 1024w, https:\/\/mont-saint-michel-tours.com\/wp-content\/uploads\/2025\/08\/crowd-at-the-Mont-Saint-Michel-768x432.jpg 768w, https:\/\/mont-saint-michel-tours.com\/wp-content\/uploads\/2025\/08\/crowd-at-the-Mont-Saint-Michel-1536x864.jpg 1536w\" sizes=\"(max-width: 1920px) 100vw, 1920px\" \/><\/figure>\n\n<p><strong>L\u2019\u00e9t\u00e9, c\u2019est la folie.<\/strong>  Les week-ends sont les pires. Les vacances scolaires en France, surtout en avril, juillet et octobre, acc\u00e9l\u00e8rent aussi les choses. Mais m\u00eame en haute saison, <strong>il y a une fen\u00eatre avant 10h et apr\u00e8s 17h<\/strong> o\u00f9 tout s\u2019adoucit.  <\/p>\n\n<p><strong>Le printemps et l\u2019automne sont plus g\u00e9rables.<\/strong>  Toujours occup\u00e9, mais moins de troupeau. L\u2019hiver ? Vous pourriez avoir des quartiers entiers du village pour vous seul. Pas de bourdonnement, pas de lignes, juste toi et les mouettes et le bruit de tes chaussures sur la pierre.   <\/p>\n\n<h2 class=\"wp-block-heading\"><strong>Si tu es l\u00e0 pour tirer<\/strong><\/h2>\n\n<figure class=\"wp-block-image size-full\"><img loading=\"lazy\" decoding=\"async\" width=\"1920\" height=\"1080\" src=\"https:\/\/mont-saint-michel-tours.com\/wp-content\/uploads\/2025\/08\/Mont-Saint-Michel-photography-spot.jpg\" alt=\"Spot photo du Mont Saint Michel\" class=\"wp-image-847\" srcset=\"https:\/\/mont-saint-michel-tours.com\/wp-content\/uploads\/2025\/08\/Mont-Saint-Michel-photography-spot.jpg 1920w, https:\/\/mont-saint-michel-tours.com\/wp-content\/uploads\/2025\/08\/Mont-Saint-Michel-photography-spot-300x169.jpg 300w, https:\/\/mont-saint-michel-tours.com\/wp-content\/uploads\/2025\/08\/Mont-Saint-Michel-photography-spot-1024x576.jpg 1024w, https:\/\/mont-saint-michel-tours.com\/wp-content\/uploads\/2025\/08\/Mont-Saint-Michel-photography-spot-768x432.jpg 768w, https:\/\/mont-saint-michel-tours.com\/wp-content\/uploads\/2025\/08\/Mont-Saint-Michel-photography-spot-1536x864.jpg 1536w\" sizes=\"(max-width: 1920px) 100vw, 1920px\" \/><\/figure>\n\n<p><strong>L\u2019heure dor\u00e9e est votre meilleure alli\u00e9e.<\/strong> Les premi\u00e8res heures du matin, surtout apr\u00e8s la pluie, offrent ces reflets miroir sur les pr\u00e9s sal\u00e9s. Le coucher du soleil transforme l\u2019abbaye en or. \u00c0 mar\u00e9e haute, tout semble flotter. L\u2019hiver apporte brouillard et ambiance myst\u00e9rieuse. L\u2019\u00e9t\u00e9, lui, offre une clart\u00e9 \u00e9clatante.<br\/> <br\/>    <\/p>\n\n<p><strong>Tenez-vous sur la passerelle pour un panorama complet<\/strong>. Grimpez jusqu\u2019aux remparts ouest pour trouver des silhouettes. Sortez dans la baie (avec un guide) pour ces photos de loin que vous voyez dans les magazines.  <\/p>\n\n<p>Tr\u00e9pied ? Oui, si vous pr\u00e9voyez de voir une faible lumi\u00e8re. Il ne faut juste pas s\u2019attendre \u00e0 un tir clair \u00e0 midi en ao\u00fbt.  <\/p>\n\n<h2 class=\"wp-block-heading\"><strong>Conseils concrets<\/strong><\/h2>\n\n<ul class=\"wp-block-list\">\n<li><strong>Ne venez pas en tongs.<\/strong>  Vous le regretterez \u00e0 mi-chemin du premier escalier pav\u00e9 en pierres. Le parking public est \u00e0 quelques kilom\u00e8tres, et m\u00eame s\u2019il y a une navette gratuite, marcher sur la chauss\u00e9e est bien plus m\u00e9morable. Tout d\u00e9pend de la quantit\u00e9 que tu portes.  <\/li>\n<\/ul>\n\n<ul class=\"wp-block-list\">\n<li><strong>R\u00e9servez votre billet pour l\u2019abbaye en ligne.<\/strong> Toujours pr\u00e9voir et patienter dans la file. Il en va de m\u00eame pour les repas, surtout en juillet et ao\u00fbt. En dehors de la haute saison, v\u00e9rifiez ce qui est ouvert avant d\u2019arriver affam\u00e9.   <\/li>\n<\/ul>\n\n<ul class=\"wp-block-list\">\n<li><strong>Le temps peut basculer rapidement.<\/strong>  Les couches sont non n\u00e9gociables. Un coupe-vent et des chaussures r\u00e9sistantes \u00e0 l\u2019eau vous sauveront le voyage. <\/li>\n<\/ul>\n\n<h2 class=\"wp-block-heading\"><strong>Conclusion<\/strong><\/h2>\n\n<p>Chaque saison apporte quelque chose de diff\u00e9rent. Le printemps est le moment id\u00e9al pour l\u2019\u00e9quilibre. L\u2019\u00e9t\u00e9 apporte l\u2019\u00e9nergie (et les files d\u2019attente). L\u2019automne offre de l\u2019espace et une meilleure lumi\u00e8re. L\u2019hiver d\u00e9pouille tout jusqu\u2019\u00e0 l\u2019essentiel.    <\/p>\n\n<p>Le Mont Saint-Michel ne se r\u00e9p\u00e8te jamais. C\u2019est la moiti\u00e9 du but. <\/p>\n","protected":false},"excerpt":{"rendered":"<p>Vous cherchez le meilleur moment pour visiter le Mont Saint-Michel ? Voici la v\u00e9rit\u00e9 : il n\u2019y a pas de r\u00e9ponse universelle. Il s\u2019agit surtout de choisir ce qui vous correspond et ce que vous attendez du lieu. Vous voulez des ciels vastes, une lumi\u00e8re claire et un peu de silence r\u00e9percut\u00e9 par les murs [&hellip;]<\/p>\n","protected":false},"author":2,"featured_media":1830,"comment_status":"open","ping_status":"open","sticky":false,"template":"","format":"standard","meta":{"_acf_changed":false,"footnotes":""},"categories":[29],"tags":[],"class_list":["post-1828","post","type-post","status-publish","format-standard","has-post-thumbnail","hentry","category-informations-visiteurs"],"acf":[],"_links":{"self":[{"href":"https:\/\/mont-saint-michel-tours.com\/fr\/wp-json\/wp\/v2\/posts\/1828","targetHints":{"allow":["GET"]}}],"collection":[{"href":"https:\/\/mont-saint-michel-tours.com\/fr\/wp-json\/wp\/v2\/posts"}],"about":[{"href":"https:\/\/mont-saint-michel-tours.com\/fr\/wp-json\/wp\/v2\/types\/post"}],"author":[{"embeddable":true,"href":"https:\/\/mont-saint-michel-tours.com\/fr\/wp-json\/wp\/v2\/users\/2"}],"replies":[{"embeddable":true,"href":"https:\/\/mont-saint-michel-tours.com\/fr\/wp-json\/wp\/v2\/comments?post=1828"}],"version-history":[{"count":5,"href":"https:\/\/mont-saint-michel-tours.com\/fr\/wp-json\/wp\/v2\/posts\/1828\/revisions"}],"predecessor-version":[{"id":1914,"href":"https:\/\/mont-saint-michel-tours.com\/fr\/wp-json\/wp\/v2\/posts\/1828\/revisions\/1914"}],"wp:featuredmedia":[{"embeddable":true,"href":"https:\/\/mont-saint-michel-tours.com\/fr\/wp-json\/wp\/v2\/media\/1830"}],"wp:attachment":[{"href":"https:\/\/mont-saint-michel-tours.com\/fr\/wp-json\/wp\/v2\/media?parent=1828"}],"wp:term":[{"taxonomy":"category","embeddable":true,"href":"https:\/\/mont-saint-michel-tours.com\/fr\/wp-json\/wp\/v2\/categories?post=1828"},{"taxonomy":"post_tag","embeddable":true,"href":"https:\/\/mont-saint-michel-tours.com\/fr\/wp-json\/wp\/v2\/tags?post=1828"}],"curies":[{"name":"wp","href":"https:\/\/api.w.org\/{rel}","templated":true}]}}